{"id":57,"count":5,"description":"As novidades da Bass Music numa hora de ritmos quebrados, unidos pelo grave.\r\nTodas as semanas, de sexta para s\u00e1bado, da 1h \u00e0s 2h, em 102.6 FM (Oxigenio.FM).","link":"https:\/\/pressaosonora.maisbaixo.com\/en\/series\/pressao-sonora\/","name":"Press\u00e3o Sonora (default)","slug":"pressao-sonora","taxonomy":"series","parent":0,"meta":[],"title":"Press\u00e3o Sonora","language":"pt-PT","copyright":"\u00a9 2023 Mais Baixo \/ Oxig\u00e9nio","subtitle":"A crew Mais Baixo na R\u00e1dio Oxig\u00e9nio","author":"Mais Baixo","owner_name":"Mais Baixo","owner_email":"pressaosonora@maisbaixo.com","explicit_option":"","complete_option":"","image":"https:\/\/pressaosonora.maisbaixo.com\/wp-content\/uploads\/2021\/02\/PressaoSonora_MaisBaixo.jpg","category1":{"category":"Music","subcategory":""},"category2":"Music","category3":"Music","guid":"6873ec96-25c1-5f77-8338-3b75be502a05","ads_enabled":false,"yoast_head":"<!-- This site is optimized with the Yoast SEO plugin v19.10 - https:\/\/yoast.com\/wordpress\/plugins\/seo\/ -->\n<title>Press\u00e3o Sonora - Press\u00e3o Sonora (Mais Baixo) @ Radio Oxig\u00e9nio<\/title>\n<meta name=\"robots\" content=\"noindex, follow\" \/>\n<meta property=\"og:locale\" content=\"en_GB\" \/>\n<meta property=\"og:type\" content=\"article\" \/>\n<meta property=\"og:title\" content=\"Press\u00e3o Sonora - Press\u00e3o Sonora (Mais Baixo) @ Radio Oxig\u00e9nio\" \/>\n<meta property=\"og:url\" content=\"https:\/\/pressaosonora.maisbaixo.com\/en\/series\/pressao-sonora\/\" \/>\n<meta property=\"og:site_name\" content=\"Press\u00e3o Sonora (Mais Baixo) @ Radio Oxig\u00e9nio\" \/>\n<meta name=\"twitter:card\" content=\"summary_large_image\" \/>\n<meta name=\"twitter:site\" content=\"@maisbaixopt\" \/>\n<script type=\"application\/ld+json\" class=\"yoast-schema-graph\">{\"@context\":\"https:\/\/schema.org\",\"@graph\":[{\"@type\":\"CollectionPage\",\"@id\":\"https:\/\/pressaosonora.maisbaixo.com\/series\/pressao-sonora\/\",\"url\":\"https:\/\/pressaosonora.maisbaixo.com\/series\/pressao-sonora\/\",\"name\":\"Press\u00e3o Sonora - Press\u00e3o Sonora (Mais Baixo) @ Radio Oxig\u00e9nio\",\"isPartOf\":{\"@id\":\"https:\/\/pressaosonora.maisbaixo.com\/#website\"},\"breadcrumb\":{\"@id\":\"https:\/\/pressaosonora.maisbaixo.com\/series\/pressao-sonora\/#breadcrumb\"},\"inLanguage\":\"en-GB\"},{\"@type\":\"BreadcrumbList\",\"@id\":\"https:\/\/pressaosonora.maisbaixo.com\/series\/pressao-sonora\/#breadcrumb\",\"itemListElement\":[{\"@type\":\"ListItem\",\"position\":1,\"name\":\"In\u00edcio\",\"item\":\"https:\/\/pressaosonora.maisbaixo.com\/\"},{\"@type\":\"ListItem\",\"position\":2,\"name\":\"Press\u00e3o Sonora\"}]},{\"@type\":\"WebSite\",\"@id\":\"https:\/\/pressaosonora.maisbaixo.com\/#website\",\"url\":\"https:\/\/pressaosonora.maisbaixo.com\/\",\"name\":\"Press\u00e3o Sonora (Mais Baixo) @ Radio Oxig\u00e9nio\",\"description\":\"PRESS\u00c3O SONORA: A crew Mais Baixo na R\u00e1dio Oxig\u00e9nio.\",\"publisher\":{\"@id\":\"https:\/\/pressaosonora.maisbaixo.com\/#organization\"},\"potentialAction\":[{\"@type\":\"SearchAction\",\"target\":{\"@type\":\"EntryPoint\",\"urlTemplate\":\"https:\/\/pressaosonora.maisbaixo.com\/?s={search_term_string}\"},\"query-input\":\"required name=search_term_string\"}],\"inLanguage\":\"en-GB\"},{\"@type\":\"Organization\",\"@id\":\"https:\/\/pressaosonora.maisbaixo.com\/#organization\",\"name\":\"Mais Baixo\",\"url\":\"https:\/\/pressaosonora.maisbaixo.com\/\",\"logo\":{\"@type\":\"ImageObject\",\"inLanguage\":\"en-GB\",\"@id\":\"https:\/\/pressaosonora.maisbaixo.com\/#\/schema\/logo\/image\/\",\"url\":\"https:\/\/pressaosonora.maisbaixo.com\/wp-content\/uploads\/2021\/01\/cropped-LOGO_CENTRADO_FINAL-150x150-1.gif\",\"contentUrl\":\"https:\/\/pressaosonora.maisbaixo.com\/wp-content\/uploads\/2021\/01\/cropped-LOGO_CENTRADO_FINAL-150x150-1.gif\",\"width\":150,\"height\":150,\"caption\":\"Mais Baixo\"},\"image\":{\"@id\":\"https:\/\/pressaosonora.maisbaixo.com\/#\/schema\/logo\/image\/\"},\"sameAs\":[\"https:\/\/www.instagram.com\/maisbaixo\/\",\"https:\/\/www.youtube.com\/user\/maisbaixopt\",\"https:\/\/facebook.com\/maisbaixo\",\"https:\/\/twitter.com\/maisbaixopt\"]}]}<\/script>\n<!-- \/ Yoast SEO plugin. -->","yoast_head_json":{"title":"Press\u00e3o Sonora - Press\u00e3o Sonora (Mais Baixo) @ Radio Oxig\u00e9nio","robots":{"index":"noindex","follow":"follow"},"og_locale":"en_GB","og_type":"article","og_title":"Press\u00e3o Sonora - Press\u00e3o Sonora (Mais Baixo) @ Radio Oxig\u00e9nio","og_url":"https:\/\/pressaosonora.maisbaixo.com\/en\/series\/pressao-sonora\/","og_site_name":"Press\u00e3o Sonora (Mais Baixo) @ Radio Oxig\u00e9nio","twitter_card":"summary_large_image","twitter_site":"@maisbaixopt","schema":{"@context":"https:\/\/schema.org","@graph":[{"@type":"CollectionPage","@id":"https:\/\/pressaosonora.maisbaixo.com\/series\/pressao-sonora\/","url":"https:\/\/pressaosonora.maisbaixo.com\/series\/pressao-sonora\/","name":"Press\u00e3o Sonora - Press\u00e3o Sonora (Mais Baixo) @ Radio Oxig\u00e9nio","isPartOf":{"@id":"https:\/\/pressaosonora.maisbaixo.com\/#website"},"breadcrumb":{"@id":"https:\/\/pressaosonora.maisbaixo.com\/series\/pressao-sonora\/#breadcrumb"},"inLanguage":"en-GB"},{"@type":"BreadcrumbList","@id":"https:\/\/pressaosonora.maisbaixo.com\/series\/pressao-sonora\/#breadcrumb","itemListElement":[{"@type":"ListItem","position":1,"name":"In\u00edcio","item":"https:\/\/pressaosonora.maisbaixo.com\/"},{"@type":"ListItem","position":2,"name":"Press\u00e3o Sonora"}]},{"@type":"WebSite","@id":"https:\/\/pressaosonora.maisbaixo.com\/#website","url":"https:\/\/pressaosonora.maisbaixo.com\/","name":"Press\u00e3o Sonora (Mais Baixo) @ Radio Oxig\u00e9nio","description":"PRESS\u00c3O SONORA: A crew Mais Baixo na R\u00e1dio Oxig\u00e9nio.","publisher":{"@id":"https:\/\/pressaosonora.maisbaixo.com\/#organization"},"potentialAction":[{"@type":"SearchAction","target":{"@type":"EntryPoint","urlTemplate":"https:\/\/pressaosonora.maisbaixo.com\/?s={search_term_string}"},"query-input":"required name=search_term_string"}],"inLanguage":"en-GB"},{"@type":"Organization","@id":"https:\/\/pressaosonora.maisbaixo.com\/#organization","name":"Mais Baixo","url":"https:\/\/pressaosonora.maisbaixo.com\/","logo":{"@type":"ImageObject","inLanguage":"en-GB","@id":"https:\/\/pressaosonora.maisbaixo.com\/#\/schema\/logo\/image\/","url":"https:\/\/pressaosonora.maisbaixo.com\/wp-content\/uploads\/2021\/01\/cropped-LOGO_CENTRADO_FINAL-150x150-1.gif","contentUrl":"https:\/\/pressaosonora.maisbaixo.com\/wp-content\/uploads\/2021\/01\/cropped-LOGO_CENTRADO_FINAL-150x150-1.gif","width":150,"height":150,"caption":"Mais Baixo"},"image":{"@id":"https:\/\/pressaosonora.maisbaixo.com\/#\/schema\/logo\/image\/"},"sameAs":["https:\/\/www.instagram.com\/maisbaixo\/","https:\/\/www.youtube.com\/user\/maisbaixopt","https:\/\/facebook.com\/maisbaixo","https:\/\/twitter.com\/maisbaixopt"]}]}},"_links":{"self":[{"href":"https:\/\/pressaosonora.maisbaixo.com\/en\/wp-json\/wp\/v2\/series\/57"}],"collection":[{"href":"https:\/\/pressaosonora.maisbaixo.com\/en\/wp-json\/wp\/v2\/series"}],"about":[{"href":"https:\/\/pressaosonora.maisbaixo.com\/en\/wp-json\/wp\/v2\/taxonomies\/series"}],"wp:post_type":[{"href":"https:\/\/pressaosonora.maisbaixo.com\/en\/wp-json\/wp\/v2\/podcast?series=57"}],"curies":[{"name":"wp","href":"https:\/\/api.w.org\/{rel}","templated":true}]}}